{"id":1904,"date":"2021-11-01T07:00:00","date_gmt":"2021-11-01T12:00:00","guid":{"rendered":"https:\/\/standagainstdv.net\/?p=1904"},"modified":"2021-11-22T09:59:00","modified_gmt":"2021-11-22T15:59:00","slug":"out-of-control-couples-conflict-and-the-capacity-for-change","status":"publish","type":"post","link":"https:\/\/standagainstdv.net\/pt_br\/out-of-control-couples-conflict-and-the-capacity-for-change\/","title":{"rendered":"Fora de controle: Casais, Conflito e Capacidade de Mudan\u00e7a"},"content":{"rendered":"<p>Natalie Collins, ela mesma uma sobrevivente de abusos, \u00e9 especialista em justi\u00e7a de g\u00eanero e tem trabalhado durante anos aumentando a conscientiza\u00e7\u00e3o sobre a viol\u00eancia dom\u00e9stica. Seu livro \u00e9 um relato extremamente \u00fatil sobre o que \u00e9 o abuso dom\u00e9stico, como ele \u00e9 perpetuado e o impacto que tem tanto em adultos quanto em crian\u00e7as.<\/p>\n\n\n\n<p><\/p>\n\n\n\n<h3 class=\"wp-block-heading\">Links \u00fateis<\/h3>\n\n\n\n<ul class=\"wp-block-list\"><li><a href=\"https:\/\/www.amazon.com\/Out-Control-Couples-Conflict-Capacity\/dp\/0281078904\" target=\"_blank\" rel=\"noopener\">Compre este livro<\/a><\/li><li><a href=\"http:\/\/www.worldcat.org\/oclc\/1099255372\" target=\"_blank\" rel=\"noopener\">Encontre em uma biblioteca perto de voc\u00ea<\/a><\/li><\/ul>\n\n\n\n<p><\/p>","protected":false},"excerpt":{"rendered":"<p>A sobrevivente do abuso e ativista Natalie Collins compartilha o que \u00e9 abuso dom\u00e9stico, como ele \u00e9 perpetuado e seu impacto em adultos e crian\u00e7as.<\/p>","protected":false},"author":2,"featured_media":238871,"comment_status":"closed","ping_status":"open","sticky":false,"template":"","format":"standard","meta":{"_et_pb_use_builder":"","_et_pb_old_content":"","_et_gb_content_width":"","footnotes":""},"categories":[54,45],"tags":[58],"language":[65],"country":[],"class_list":["post-1904","post","type-post","status-publish","format-standard","has-post-thumbnail","hentry","category-perpetrators","category-understanding-domestic-violence","tag-book","language-en"],"_links":{"self":[{"href":"https:\/\/standagainstdv.net\/pt_br\/wp-json\/wp\/v2\/posts\/1904","targetHints":{"allow":["GET"]}}],"collection":[{"href":"https:\/\/standagainstdv.net\/pt_br\/wp-json\/wp\/v2\/posts"}],"about":[{"href":"https:\/\/standagainstdv.net\/pt_br\/wp-json\/wp\/v2\/types\/post"}],"author":[{"embeddable":true,"href":"https:\/\/standagainstdv.net\/pt_br\/wp-json\/wp\/v2\/users\/2"}],"replies":[{"embeddable":true,"href":"https:\/\/standagainstdv.net\/pt_br\/wp-json\/wp\/v2\/comments?post=1904"}],"version-history":[{"count":0,"href":"https:\/\/standagainstdv.net\/pt_br\/wp-json\/wp\/v2\/posts\/1904\/revisions"}],"wp:featuredmedia":[{"embeddable":true,"href":"https:\/\/standagainstdv.net\/pt_br\/wp-json\/wp\/v2\/media\/238871"}],"wp:attachment":[{"href":"https:\/\/standagainstdv.net\/pt_br\/wp-json\/wp\/v2\/media?parent=1904"}],"wp:term":[{"taxonomy":"category","embeddable":true,"href":"https:\/\/standagainstdv.net\/pt_br\/wp-json\/wp\/v2\/categories?post=1904"},{"taxonomy":"post_tag","embeddable":true,"href":"https:\/\/standagainstdv.net\/pt_br\/wp-json\/wp\/v2\/tags?post=1904"},{"taxonomy":"language","embeddable":true,"href":"https:\/\/standagainstdv.net\/pt_br\/wp-json\/wp\/v2\/language?post=1904"},{"taxonomy":"country","embeddable":true,"href":"https:\/\/standagainstdv.net\/pt_br\/wp-json\/wp\/v2\/country?post=1904"}],"curies":[{"name":"wp","href":"https:\/\/api.w.org\/{rel}","templated":true}]}}